{"id":1930,"date":"2016-11-22T12:17:08","date_gmt":"2016-11-22T10:17:08","guid":{"rendered":"http:\/\/workplace.skyworker.de\/?p=1930"},"modified":"2023-08-22T10:39:17","modified_gmt":"2023-08-22T08:39:17","slug":"drucker-werden-verzoegert-in-der-geraete-und-druckeruebersicht-angezeigt-delayed-printer-display","status":"publish","type":"post","link":"http:\/\/workplace.skyworker.de\/?p=1930","title":{"rendered":"Drucker werden verz\u00f6gert in der Ger\u00e4te- und Drucker\u00fcbersicht angezeigt (delayed printer display)"},"content":{"rendered":"<div class=\"pld-like-dislike-wrap pld-template-1\">\r\n    <div class=\"pld-like-wrap  pld-common-wrap\">\r\n    <a href=\"javascript:void(0)\" class=\"pld-like-trigger pld-like-dislike-trigger  \" title=\"\" data-post-id=\"1930\" data-trigger-type=\"like\" data-restriction=\"cookie\" data-already-liked=\"0\">\r\n                        <i class=\"fas fa-thumbs-up\"><\/i>\r\n                <\/a>\r\n    <span class=\"pld-like-count-wrap pld-count-wrap\">0    <\/span>\r\n<\/div><div class=\"pld-dislike-wrap  pld-common-wrap\">\r\n    <a href=\"javascript:void(0)\" class=\"pld-dislike-trigger pld-like-dislike-trigger  \" title=\"\" data-post-id=\"1930\" data-trigger-type=\"dislike\" data-restriction=\"cookie\" data-already-liked=\"0\">\r\n                        <i class=\"fas fa-thumbs-down\"><\/i>\r\n                <\/a>\r\n    <span class=\"pld-dislike-count-wrap pld-count-wrap\">0<\/span>\r\n<\/div><\/div><p style=\"text-align: justify;\">Unter Windows 10 mussten wir leider die Erfahrung machen, dass Drucker, die man sich \u00fcber den Drucker-Wizard hinzuf\u00fcgt, stark verz\u00f6gert in der \u00dcbersicht angezeigt werden. Die Drucker sind aber f\u00fcr Anwendungen direkt nutzbar. Das gleiche gilt f\u00fcr das L\u00f6schen von Druckern, hier dauert es auch mehrere Minuten, bis die Drucker aus der \u00dcbersicht verschwinden.<!--more-->Nach einer langen Suche ist der Grund f\u00fcr dieses Verhalten die Funktion von Windows 10 Metadaten f\u00fcr Ger\u00e4te herunterzuladen und aktuell zu halten. Dies beinhaltet Ger\u00e4te Icons und Apps. Schaltet man diese Funktion ab, tritt das oben beschriebene Ph\u00e4nomen nicht mehr auf.<\/p>\n<p style=\"text-align: justify;\">Manuell kann man das \u00fcber System &gt; Erweiterte Einstellungen &gt; Hardware &gt; Ger\u00e4teinstallationseinstellungen einstellen und die Option \u201eNein\u201c w\u00e4hlen<\/p>\n<p><a href=\"http:\/\/workplace.skyworker.de\/wp-content\/uploads\/2016\/11\/22-11-_2016_10-36-57.png\"><img loading=\"lazy\" decoding=\"async\" class=\"alignnone size-full wp-image-1931\" src=\"http:\/\/workplace.skyworker.de\/wp-content\/uploads\/2016\/11\/22-11-_2016_10-36-57.png\" alt=\"22-11-_2016_10-36-57\" width=\"595\" height=\"295\" srcset=\"http:\/\/workplace.skyworker.de\/wp-content\/uploads\/2016\/11\/22-11-_2016_10-36-57.png 595w, http:\/\/workplace.skyworker.de\/wp-content\/uploads\/2016\/11\/22-11-_2016_10-36-57-300x149.png 300w\" sizes=\"(max-width: 595px) 85vw, 595px\" \/><\/a><\/p>\n<p>Do you want windows to download driver software and realistic Icons?<\/p>\n<p><span style=\"color: #000000; font-family: Calibri; font-size: medium;\">Zentral verwaltet kann diese Option auch \u00fcber eine Gruppenrichtlinie gesetzt werden<\/span><\/p>\n<p><span style=\"color: #000000; font-family: Calibri; font-size: medium;\">Computerkonfiguration &gt; Administrative Vorlagen &gt; System &gt; Ger\u00e4teinstallation<br \/>\n<\/span><span style=\"color: #000000; font-family: Calibri; font-size: medium;\">Abrufen von Ger\u00e4temetadaten aus dem Internet verhindern<\/span><\/p>\n<p><span style=\"color: #000000; font-family: Calibri; font-size: medium;\">Computer Configuration &gt; Administrative Templates &gt; System Device Installation<br \/>\n<\/span><span style=\"color: #000000; font-family: Calibri; font-size: medium;\">Prevent device metadata retrieval from the Internet<\/span><\/p>\n<p><span style=\"color: #000000; font-family: Calibri; font-size: medium;\">Der dazugeh\u00f6rige Registry Wert<\/span><\/p>\n<p><span style=\"color: #000000; font-family: Calibri; font-size: medium;\">HKLM\\SOFTWARE\\Policies\\Microsoft\\Windows\\Device<br \/>\nMetadataPreventDeviceMetadataFromNetwork<br \/>\nDWORD 0|1<\/span><\/p>\n","protected":false},"excerpt":{"rendered":"<p>0 0 Unter Windows 10 mussten wir leider die Erfahrung machen, dass Drucker, die man sich \u00fcber den Drucker-Wizard hinzuf\u00fcgt, stark verz\u00f6gert in der \u00dcbersicht angezeigt werden. Die Drucker sind aber f\u00fcr Anwendungen direkt nutzbar. Das gleiche gilt f\u00fcr das L\u00f6schen von Druckern, hier dauert es auch mehrere Minuten, bis die Drucker aus der \u00dcbersicht &hellip; <a href=\"http:\/\/workplace.skyworker.de\/?p=1930\" class=\"more-link\"><span class=\"screen-reader-text\">\u201eDrucker werden verz\u00f6gert in der Ger\u00e4te- und Drucker\u00fcbersicht angezeigt (delayed printer display)\u201c<\/span> weiterlesen<\/a><\/p>\n","protected":false},"author":1,"featured_media":1872,"comment_status":"open","ping_status":"closed","sticky":false,"template":"","format":"standard","meta":{"footnotes":""},"categories":[57,98],"tags":[113,114,99],"_links":{"self":[{"href":"http:\/\/workplace.skyworker.de\/index.php?rest_route=\/wp\/v2\/posts\/1930"}],"collection":[{"href":"http:\/\/workplace.skyworker.de\/index.php?rest_route=\/wp\/v2\/posts"}],"about":[{"href":"http:\/\/workplace.skyworker.de\/index.php?rest_route=\/wp\/v2\/types\/post"}],"author":[{"embeddable":true,"href":"http:\/\/workplace.skyworker.de\/index.php?rest_route=\/wp\/v2\/users\/1"}],"replies":[{"embeddable":true,"href":"http:\/\/workplace.skyworker.de\/index.php?rest_route=%2Fwp%2Fv2%2Fcomments&post=1930"}],"version-history":[{"count":1,"href":"http:\/\/workplace.skyworker.de\/index.php?rest_route=\/wp\/v2\/posts\/1930\/revisions"}],"predecessor-version":[{"id":1932,"href":"http:\/\/workplace.skyworker.de\/index.php?rest_route=\/wp\/v2\/posts\/1930\/revisions\/1932"}],"wp:featuredmedia":[{"embeddable":true,"href":"http:\/\/workplace.skyworker.de\/index.php?rest_route=\/wp\/v2\/media\/1872"}],"wp:attachment":[{"href":"http:\/\/workplace.skyworker.de\/index.php?rest_route=%2Fwp%2Fv2%2Fmedia&parent=1930"}],"wp:term":[{"taxonomy":"category","embeddable":true,"href":"http:\/\/workplace.skyworker.de\/index.php?rest_route=%2Fwp%2Fv2%2Fcategories&post=1930"},{"taxonomy":"post_tag","embeddable":true,"href":"http:\/\/workplace.skyworker.de\/index.php?rest_route=%2Fwp%2Fv2%2Ftags&post=1930"}],"curies":[{"name":"wp","href":"https:\/\/api.w.org\/{rel}","templated":true}]}}