{"id":300,"date":"2013-10-07T15:39:25","date_gmt":"2013-10-07T13:39:25","guid":{"rendered":"http:\/\/workplace.skyworker.de\/?p=300"},"modified":"2023-08-22T10:39:22","modified_gmt":"2023-08-22T08:39:22","slug":"citrix-lotus-notes-time-zone-redirection","status":"publish","type":"post","link":"http:\/\/workplace.skyworker.de\/?p=300","title":{"rendered":"Citrix \/ Lotus Notes Time Zone Redirection"},"content":{"rendered":"<div class=\"pld-like-dislike-wrap pld-template-1\">\r\n    <div class=\"pld-like-wrap  pld-common-wrap\">\r\n    <a href=\"javascript:void(0)\" class=\"pld-like-trigger pld-like-dislike-trigger  \" title=\"\" data-post-id=\"300\" data-trigger-type=\"like\" data-restriction=\"cookie\" data-already-liked=\"0\">\r\n                        <i class=\"fas fa-thumbs-up\"><\/i>\r\n                <\/a>\r\n    <span class=\"pld-like-count-wrap pld-count-wrap\">0    <\/span>\r\n<\/div><div class=\"pld-dislike-wrap  pld-common-wrap\">\r\n    <a href=\"javascript:void(0)\" class=\"pld-dislike-trigger pld-like-dislike-trigger  \" title=\"\" data-post-id=\"300\" data-trigger-type=\"dislike\" data-restriction=\"cookie\" data-already-liked=\"0\">\r\n                        <i class=\"fas fa-thumbs-down\"><\/i>\r\n                <\/a>\r\n    <span class=\"pld-dislike-count-wrap pld-count-wrap\">0<\/span>\r\n<\/div><\/div><p style=\"text-align: justify;\">Das beschriebene Problem trat in einer Citrix XenApp 6.0 Umgebung (Windows Server 2008 R2) mit Lotus Notes 8.5.3 FP 4 auf. Es bestand die Anforderung die <em>Time Zone Redirection<\/em> zu aktivieren, so dass die lokale Zeit des Clients und nicht die Zeit des XenApp Servers in den Sessions verwendet wurde, da der Zugriff auf diese Umgebung \u00fcber Zeitzonen hinweg stattfand.<\/p>\n<p style=\"text-align: justify;\"><!--more--><\/p>\n<p style=\"text-align: justify;\">Die <em>Time Zone Redirection<\/em> Einstellungen wurden, wie in dem Citrix Artikel<\/p>\n<p style=\"text-align: justify;\"><a href=\"http:\/\/support.citrix.com\/article\/CTX126099\/\" target=\"_blank\" rel=\"noopener\">CTX126099<\/a>: <span style=\"color: #000000;\">How to Configure Time Zone Redirection in XenApp 6.x using the Windows Group Policy Management Editor<\/span> beschrieben, vorgenommen.<\/p>\n<p style=\"text-align: justify;\">Die Einstellungen griffen auch auf Anhieb und funktionierten. Die Zeit wurde in dem Shared Desktop richtig angezeigt und die Anwendungen konnten auch damit umgehen, bis auf Lotus Notes. Hier hatten sich die Kalendereintr\u00e4ge zeitlich verschoben und stimmten nicht mehr mit den Original Start- und Endzeiten \u00fcberein.<\/p>\n<p style=\"text-align: justify;\">Dies ist wohl darauf zur\u00fcck zu f\u00fchren, das Lotus Notes Java basierend ist und Java Anwendungen mit der <em>Time Zone Redirection<\/em> Probleme haben. Dies war wohl auch ein bekanntes Problem bei IBM und wurde durch das FP 2 f\u00fcr Lotus Notes 8.5.3 behoben.<\/p>\n<p style=\"text-align: justify;\"><a href=\"http:\/\/www-01.ibm.com\/support\/docview.wss?uid=swg21584369\" target=\"_blank\" rel=\"noopener\">Calendar view&#8217;s start\/end times off for Citrix users located in a different time zone from the XenApp 6.x server <\/a><\/p>\n<p style=\"text-align: justify;\">In diesem Fall war schon das FP 4 installiert, zeigte aber die gleichen Ph\u00e4nomene.<\/p>\n<p style=\"text-align: justify;\">Herausgestellt hat sich, wenn man die Zeitzone des Anwenders (Clients) erneut in der angemeldeten Session \u00fcber tzutil setzt, treten die Probleme in Lotus Notes nicht mehr auf.<\/p>\n<p style=\"text-align: justify;\"><strong>Beispiel:<\/strong> Der Citrix XenApp Server befindet sich in der Zeitzone \u201eCentral America Standard Time\u201c und der Client, der die Session aufbaut in der Zeitzone \u201eW. Europe Standard Time\u201c. Wenn man innerhalb der Session jetzt die Zeitzone f\u00fcr die Session nochmal \u00fcber den Befehl tzutil \/s &#8222;W. Europe Standard Time&#8220; setzt, funktioniert Lotus Notes wie gew\u00fcnscht und die Kalendereintr\u00e4ge sind nicht mehr zeitlich verschoben.<\/p>\n<p style=\"text-align: justify;\">Die Ausf\u00fchrung des Befehls f\u00fcr die entsprechenden Zeitzonen wurde \u00fcber Gruppenrichtlinien (Logon Scripts) realisiert.<\/p>\n<p style=\"text-align: justify;\">Dies ist nat\u00fcrlich nur ein Workaround, behebt aber derzeit das Problem.<\/p>\n","protected":false},"excerpt":{"rendered":"<p>0 0 Das beschriebene Problem trat in einer Citrix XenApp 6.0 Umgebung (Windows Server 2008 R2) mit Lotus Notes 8.5.3 FP 4 auf. Es bestand die Anforderung die Time Zone Redirection zu aktivieren, so dass die lokale Zeit des Clients und nicht die Zeit des XenApp Servers in den Sessions verwendet wurde, da der Zugriff &hellip; <a href=\"http:\/\/workplace.skyworker.de\/?p=300\" class=\"more-link\"><span class=\"screen-reader-text\">\u201eCitrix \/ Lotus Notes Time Zone Redirection\u201c<\/span> weiterlesen<\/a><\/p>\n","protected":false},"author":1,"featured_media":0,"comment_status":"open","ping_status":"closed","sticky":false,"template":"","format":"standard","meta":{"footnotes":""},"categories":[16,18,17],"tags":[132,53,129,135],"_links":{"self":[{"href":"http:\/\/workplace.skyworker.de\/index.php?rest_route=\/wp\/v2\/posts\/300"}],"collection":[{"href":"http:\/\/workplace.skyworker.de\/index.php?rest_route=\/wp\/v2\/posts"}],"about":[{"href":"http:\/\/workplace.skyworker.de\/index.php?rest_route=\/wp\/v2\/types\/post"}],"author":[{"embeddable":true,"href":"http:\/\/workplace.skyworker.de\/index.php?rest_route=\/wp\/v2\/users\/1"}],"replies":[{"embeddable":true,"href":"http:\/\/workplace.skyworker.de\/index.php?rest_route=%2Fwp%2Fv2%2Fcomments&post=300"}],"version-history":[{"count":2,"href":"http:\/\/workplace.skyworker.de\/index.php?rest_route=\/wp\/v2\/posts\/300\/revisions"}],"predecessor-version":[{"id":231700,"href":"http:\/\/workplace.skyworker.de\/index.php?rest_route=\/wp\/v2\/posts\/300\/revisions\/231700"}],"wp:attachment":[{"href":"http:\/\/workplace.skyworker.de\/index.php?rest_route=%2Fwp%2Fv2%2Fmedia&parent=300"}],"wp:term":[{"taxonomy":"category","embeddable":true,"href":"http:\/\/workplace.skyworker.de\/index.php?rest_route=%2Fwp%2Fv2%2Fcategories&post=300"},{"taxonomy":"post_tag","embeddable":true,"href":"http:\/\/workplace.skyworker.de\/index.php?rest_route=%2Fwp%2Fv2%2Ftags&post=300"}],"curies":[{"name":"wp","href":"https:\/\/api.w.org\/{rel}","templated":true}]}}